{"id":1552,"date":"2022-03-12T00:05:43","date_gmt":"2022-03-12T00:05:43","guid":{"rendered":"https:\/\/ielauravicuna.edu.co\/?p=1552"},"modified":"2022-03-12T00:05:45","modified_gmt":"2022-03-12T00:05:45","slug":"protocolos-de-bioseguridad-2022","status":"publish","type":"post","link":"https:\/\/ielauravicuna.edu.co\/index.php\/2022\/03\/12\/protocolos-de-bioseguridad-2022\/","title":{"rendered":"Protocolos de bioseguridad 2022"},"content":{"rendered":"\n<p><strong>BIOSEGURIDAD<\/strong><\/p>\n\n\n\n<p>Sobre las nuevas medidas que tenemos:<\/p>\n\n\n\n<p><strong>la resoluci\u00f3n 0350 del 1 de marzo de 2020. Donde se adopta el protocolo de bioseguridad para el desarrollo de actividades econ\u00f3micas, sociales, culturales del estado.<\/strong><\/p>\n\n\n\n<p><strong><u>En cuanto a las \u00faltimas medidas.<\/u><\/strong><\/p>\n\n\n\n<p><em>1.Que el art\u00edculo 7 del Decreto 1614 de 2021 consagra que toda actividad deber\u00e1 estar sujeta al cumplimiento de los protocolos de bioseguridad que establezca el Ministerio de Salud y Protecci\u00f3n Social para el control de la pandemia.<\/em><\/p>\n\n\n\n<p><em>2. Que, a su vez, el Decreto 1615 de 2021, dispuso la exigencia de presentaci\u00f3n del carn\u00e9<\/em><\/p>\n\n\n\n<p><em>de vacunaci\u00f3n o certificado digital de vacunaci\u00f3n con esquemas completos a partir del<\/em><\/p>\n\n\n\n<p><em>14 de diciembre de 2021 para mayores de 18 a\u00f1os y, desde el 28 de diciembre de 2021,<\/em><\/p>\n\n\n\n<p><em>para mayores de 12 a\u00f1os, para el ingreso a (i) eventos presenciales de car\u00e1cter p\u00fablico<\/em><\/p>\n\n\n\n<p><em>o privado que impliquen asistencia masiva(..) escenario deportivo, parques de diversiones y tem\u00e1ticos, museos y ferias entre otros.<\/em><\/p>\n\n\n\n<p><strong><u>Medidas Log\u00edstica en la I. E<\/u><\/strong><\/p>\n\n\n\n<ul class=\"wp-block-list\"><li>Se realiza el proceso de desinfecci\u00f3n continuo en los ambientes de la I.E.<\/li><li>El uso <strong>TAPABOCAS<\/strong> es obligatorio en espacios cerrados y donde hay aglomeraciones, es el caso del sal\u00f3n de clase.<\/li><li>Se conserva el aforo en algunos lugares como el coliseo.<\/li><li>Se recomienda continuar con la <strong>vacunaci\u00f3n en su esquema completo como medida de autocuidado.<\/strong><\/li><li>Como preventivo el lavado de manos frecuentes.<\/li><li>El uso frecuente de gel y\/o alcohol.<\/li><li>Usar los lugares indicados para el ingreso a la instituci\u00f3n.<\/li><\/ul>\n\n\n\n<p>Si el estudiante presenta alg\u00fan s\u00edntoma, se le pide no enviarlo a la I.E mejor quedarse en casa.<\/p>\n\n\n\n<figure class=\"wp-block-image size-full\"><a href=\"https:\/\/ielauravicuna.edu.co\/wp-content\/uploads\/2022\/03\/WhatsApp-Image-2022-03-10-at-4.09.45-PM.jpeg\"><img loading=\"lazy\" decoding=\"async\" width=\"890\" height=\"1024\" src=\"https:\/\/ielauravicuna.edu.co\/wp-content\/uploads\/2022\/03\/WhatsApp-Image-2022-03-10-at-4.09.45-PM.jpeg\" alt=\"\" class=\"wp-image-1554\" srcset=\"https:\/\/ielauravicuna.edu.co\/wp-content\/uploads\/2022\/03\/WhatsApp-Image-2022-03-10-at-4.09.45-PM.jpeg 890w, https:\/\/ielauravicuna.edu.co\/wp-content\/uploads\/2022\/03\/WhatsApp-Image-2022-03-10-at-4.09.45-PM-261x300.jpeg 261w, https:\/\/ielauravicuna.edu.co\/wp-content\/uploads\/2022\/03\/WhatsApp-Image-2022-03-10-at-4.09.45-PM-768x884.jpeg 768w\" sizes=\"auto, (max-width: 890px) 100vw, 890px\" \/><\/a><\/figure>\n\n\n\n<div data-wp-interactive=\"core\/file\" class=\"wp-block-file\"><object data-wp-bind--hidden=\"!state.hasPdfPreview\" hidden class=\"wp-block-file__embed\" data=\"https:\/\/ielauravicuna.edu.co\/wp-content\/uploads\/2022\/03\/PROTOCOLO-BIOSEGURIDAD-IE-LAURA-VICUNA-2022.pdf\" type=\"application\/pdf\" style=\"width:100%;height:600px\" aria-label=\"Incrustado de Incrustado de PROTOCOLO-BIOSEGURIDAD-IE-LAURA-VICUNA-2022..\"><\/object><a href=\"https:\/\/ielauravicuna.edu.co\/wp-content\/uploads\/2022\/03\/PROTOCOLO-BIOSEGURIDAD-IE-LAURA-VICUNA-2022.pdf\">PROTOCOLO-BIOSEGURIDAD-IE-LAURA-VICUNA-2022<\/a><a href=\"https:\/\/ielauravicuna.edu.co\/wp-content\/uploads\/2022\/03\/PROTOCOLO-BIOSEGURIDAD-IE-LAURA-VICUNA-2022.pdf\" class=\"wp-block-file__button\" download>Descarga<\/a><\/div>\n","protected":false},"excerpt":{"rendered":"<p>BIOSEGURIDAD Sobre las nuevas medidas que tenemos: la resoluci\u00f3n 0350 del 1 de marzo de 2020. Donde se adopta el protocolo de bioseguridad para el desarrollo de actividades econ\u00f3micas, sociales, culturales del estado. En cuanto a las \u00faltimas medidas. 1.Que el art\u00edculo 7 del Decreto 1614 de 2021 consagra que toda actividad deber\u00e1 estar sujeta al cumplimiento de los protocolos de bioseguridad que establezca el Ministerio de Salud y Protecci\u00f3n Social para el control de la pandemia. 2. Que, a su vez, el Decreto 1615 de 2021, dispuso la exigencia de presentaci\u00f3n del carn\u00e9 de vacunaci\u00f3n o certificado digital de&hellip;<\/p>\n","protected":false},"author":1,"featured_media":0,"comment_status":"closed","ping_status":"open","sticky":false,"template":"","format":"standard","meta":{"footnotes":""},"categories":[19,21,38,24,22],"tags":[],"class_list":["post-1552","post","type-post","status-publish","format-standard","hentry","category-apoyo-pedagogico","category-comunicaciones","category-novedades","category-padres-de-familia","category-rectoria","entry"],"_links":{"self":[{"href":"https:\/\/ielauravicuna.edu.co\/index.php\/wp-json\/wp\/v2\/posts\/1552","targetHints":{"allow":["GET"]}}],"collection":[{"href":"https:\/\/ielauravicuna.edu.co\/index.php\/wp-json\/wp\/v2\/posts"}],"about":[{"href":"https:\/\/ielauravicuna.edu.co\/index.php\/wp-json\/wp\/v2\/types\/post"}],"author":[{"embeddable":true,"href":"https:\/\/ielauravicuna.edu.co\/index.php\/wp-json\/wp\/v2\/users\/1"}],"replies":[{"embeddable":true,"href":"https:\/\/ielauravicuna.edu.co\/index.php\/wp-json\/wp\/v2\/comments?post=1552"}],"version-history":[{"count":1,"href":"https:\/\/ielauravicuna.edu.co\/index.php\/wp-json\/wp\/v2\/posts\/1552\/revisions"}],"predecessor-version":[{"id":1555,"href":"https:\/\/ielauravicuna.edu.co\/index.php\/wp-json\/wp\/v2\/posts\/1552\/revisions\/1555"}],"wp:attachment":[{"href":"https:\/\/ielauravicuna.edu.co\/index.php\/wp-json\/wp\/v2\/media?parent=1552"}],"wp:term":[{"taxonomy":"category","embeddable":true,"href":"https:\/\/ielauravicuna.edu.co\/index.php\/wp-json\/wp\/v2\/categories?post=1552"},{"taxonomy":"post_tag","embeddable":true,"href":"https:\/\/ielauravicuna.edu.co\/index.php\/wp-json\/wp\/v2\/tags?post=1552"}],"curies":[{"name":"wp","href":"https:\/\/api.w.org\/{rel}","templated":true}]}}