{"id":1824,"date":"2025-04-11T16:31:13","date_gmt":"2025-04-11T16:31:13","guid":{"rendered":"https:\/\/ielauravicuna.edu.co\/?p=1824"},"modified":"2025-04-11T16:31:14","modified_gmt":"2025-04-11T16:31:14","slug":"nuestra-i-e-para-este-2025","status":"publish","type":"post","link":"https:\/\/ielauravicuna.edu.co\/index.php\/2025\/04\/11\/nuestra-i-e-para-este-2025\/","title":{"rendered":"NUESTRA I.E PARA ESTE 2025"},"content":{"rendered":"\n<figure class=\"wp-block-image alignwide size-large\"><a href=\"https:\/\/ielauravicuna.edu.co\/wp-content\/uploads\/2025\/04\/profes.png\"><img loading=\"lazy\" decoding=\"async\" width=\"1024\" height=\"346\" src=\"https:\/\/ielauravicuna.edu.co\/wp-content\/uploads\/2025\/04\/profes-1024x346.png\" alt=\"\" class=\"wp-image-1825\" srcset=\"https:\/\/ielauravicuna.edu.co\/wp-content\/uploads\/2025\/04\/profes-1024x346.png 1024w, https:\/\/ielauravicuna.edu.co\/wp-content\/uploads\/2025\/04\/profes-300x101.png 300w, https:\/\/ielauravicuna.edu.co\/wp-content\/uploads\/2025\/04\/profes-768x260.png 768w, https:\/\/ielauravicuna.edu.co\/wp-content\/uploads\/2025\/04\/profes.png 1035w\" sizes=\"auto, (max-width: 1024px) 100vw, 1024px\" \/><\/a><\/figure>\n\n\n\n<p>Ya hemos iniciado este nuevo 2025, y para nuestra I.E de gran satisfacci\u00f3n y alegr\u00eda por los logros en los resultados acad\u00e9micos en las pruebas del estado, que nos ha puesto en un A+.<\/p>\n\n\n\n<p>Seguimos en este empe\u00f1o positivos, consolidando por segundo a\u00f1o consecutivo un porcentaje global de 300 puntos, sobresaliendo las \u00e1reas de matem\u00e1ticas, ingl\u00e9s y lectura cr\u00edtica.<\/p>\n\n\n\n<p>Para la Comunidad Educativa esta ha sido un desaf\u00edo que propende con su misi\u00f3n, el desarrollo \u00f3ptimo de los planes, competencias, est\u00e1ndares y evaluaciones actualizadas, para responder a los desaf\u00edos que la educaci\u00f3n en el hoy nos plantea, estos procesos que, con calidad en todos los ambientes, procurar\u00e1 siempre resultados significativos para cumplir las metas.&nbsp;<\/p>\n\n\n\n<p>Quiero agradecer al grupo de docentes que con su trabajo, empe\u00f1o y esfuerzo nos apoyan en estos resultados, destacar igualmente el apoyo de los padres de familia en todas las iniciativas en diferentes campos en la I.E.<\/p>\n\n\n\n<p>Seguiremos en este empe\u00f1o no solo de promover ciencia, y conocimientos sino en la promoci\u00f3n de valores y formaci\u00f3n de actitudes en clave cristiana, dentro de un ecosistema que privilegia la convivencia, el respeto y la inclusi\u00f3n, que nos hace m\u00e1s&nbsp; humanos. &nbsp;<\/p>\n","protected":false},"excerpt":{"rendered":"<p>Ya hemos iniciado este nuevo 2025, y para nuestra I.E de gran satisfacci\u00f3n y alegr\u00eda por los logros en los resultados acad\u00e9micos en las pruebas del estado, que nos ha puesto en un A+. Seguimos en este empe\u00f1o positivos, consolidando por segundo a\u00f1o consecutivo un porcentaje global de 300 puntos, sobresaliendo las \u00e1reas de matem\u00e1ticas, ingl\u00e9s y lectura cr\u00edtica. Para la Comunidad Educativa esta ha sido un desaf\u00edo que propende con su misi\u00f3n, el desarrollo \u00f3ptimo de los planes, competencias, est\u00e1ndares y evaluaciones actualizadas, para responder a los desaf\u00edos que la educaci\u00f3n en el hoy nos plantea, estos procesos que,&hellip;<\/p>\n","protected":false},"author":1,"featured_media":0,"comment_status":"closed","ping_status":"open","sticky":false,"template":"","format":"standard","meta":{"footnotes":""},"categories":[19,21,11,17,38,16,15,18,24,8,12,22,9,23,14,13,10,7,1],"tags":[],"class_list":["post-1824","post","type-post","status-publish","format-standard","hentry","category-apoyo-pedagogico","category-comunicaciones","category-cuarto","category-decimo","category-novedades","category-noveno","category-octavo","category-once","category-padres-de-familia","category-primero","category-quinto","category-rectoria","category-segundo","category-sem","category-septimo","category-sexto","category-tercero","category-transicion","category-uncategorized","entry"],"_links":{"self":[{"href":"https:\/\/ielauravicuna.edu.co\/index.php\/wp-json\/wp\/v2\/posts\/1824","targetHints":{"allow":["GET"]}}],"collection":[{"href":"https:\/\/ielauravicuna.edu.co\/index.php\/wp-json\/wp\/v2\/posts"}],"about":[{"href":"https:\/\/ielauravicuna.edu.co\/index.php\/wp-json\/wp\/v2\/types\/post"}],"author":[{"embeddable":true,"href":"https:\/\/ielauravicuna.edu.co\/index.php\/wp-json\/wp\/v2\/users\/1"}],"replies":[{"embeddable":true,"href":"https:\/\/ielauravicuna.edu.co\/index.php\/wp-json\/wp\/v2\/comments?post=1824"}],"version-history":[{"count":1,"href":"https:\/\/ielauravicuna.edu.co\/index.php\/wp-json\/wp\/v2\/posts\/1824\/revisions"}],"predecessor-version":[{"id":1826,"href":"https:\/\/ielauravicuna.edu.co\/index.php\/wp-json\/wp\/v2\/posts\/1824\/revisions\/1826"}],"wp:attachment":[{"href":"https:\/\/ielauravicuna.edu.co\/index.php\/wp-json\/wp\/v2\/media?parent=1824"}],"wp:term":[{"taxonomy":"category","embeddable":true,"href":"https:\/\/ielauravicuna.edu.co\/index.php\/wp-json\/wp\/v2\/categories?post=1824"},{"taxonomy":"post_tag","embeddable":true,"href":"https:\/\/ielauravicuna.edu.co\/index.php\/wp-json\/wp\/v2\/tags?post=1824"}],"curies":[{"name":"wp","href":"https:\/\/api.w.org\/{rel}","templated":true}]}}